{"id":748,"date":"2026-04-20T06:28:36","date_gmt":"2026-04-20T06:28:36","guid":{"rendered":"https:\/\/filialask.bpsieradz.pl\/?p=748"},"modified":"2026-04-27T06:32:36","modified_gmt":"2026-04-27T06:32:36","slug":"mysli-wypuszczone-prosto-z-serca-wieczor-autorski-pauliny-dany-jakuba-mirowskiego-i-leny-walewskiej","status":"publish","type":"post","link":"http:\/\/filialask.bpsieradz.pl\/index.php\/2026\/04\/20\/mysli-wypuszczone-prosto-z-serca-wieczor-autorski-pauliny-dany-jakuba-mirowskiego-i-leny-walewskiej\/","title":{"rendered":"My\u015bli wypuszczone prosto z serca &#8211; wiecz\u00f3r autorski Pauliny Dany, Jakuba Mirowskiego i Leny Walewskiej"},"content":{"rendered":"\n<p class=\"wp-block-paragraph\">Wiecz\u00f3r autorski \u201eMy\u015bli wypuszczone prosto z serca\u201d odby\u0142 si\u0119 17 kwietnia 2026 roku w siedzibie CREW\u0141 w Sieradzu \u2013 Bibliotece Pedagogicznej w Sieradzu Filii w \u0141asku. Wydarzenie zgromadzi\u0142o mi\u0142o\u015bnik\u00f3w literatury, oferuj\u0105c wyj\u0105tkowe po\u0142\u0105czenie poezji i tw\u00f3rczo\u015bci dla dzieci.<\/p>\n\n\n\n<p class=\"wp-block-paragraph\">Go\u015b\u0107mi spotkania byli: Paulina Dana, autorka emocjonalnego tomu \u201ePami\u0119tnik uczu\u0107\u201d oraz Jakub Mirowski, tw\u00f3rca ciep\u0142ej opowie\u015bci dla najm\u0142odszych \u201ePola i\u00a0przyjaciele z Wiejskiej Polany. Wielka przeprowadzka\u201d, a tak\u017ce uczennica Szko\u0142y Podstawowej im. Janusza Korczaka Lena Walewska, autorka wyj\u0105tkowych opowiada\u0144.<\/p>\n\n\n\n<p class=\"wp-block-paragraph\">Poezja Pauliny Dany sk\u0142oni\u0142a uczestnik\u00f3w do refleksji i zatrzymania si\u0119 nad w\u0142asnymi emocjami, natomiast historia stworzona przez Jakuba Mirowskiego wprowadzi\u0142a s\u0142uchaczy w pe\u0142en ciep\u0142a \u015bwiat przyg\u00f3d ma\u0142ej Poli, ukazuj\u0105c warto\u015b\u0107 przyja\u017ani i pozytywne aspekty zmian.<\/p>\n\n\n\n<p class=\"wp-block-paragraph\">Szczeg\u00f3lnym momentem by\u0142a tak\u017ce prezentacja pierwszych pr\u00f3b literackich m\u0142odej autorki, Leny Walewskiej, uczennicy klasy VII Szko\u0142y Podstawowej im. Janusza Korczaka w Okupie, kt\u00f3ra zaprezentowa\u0142a swoj\u0105 tw\u00f3rczo\u015b\u0107 przed publiczno\u015bci\u0105.<\/p>\n\n\n\n<p class=\"wp-block-paragraph\">Spotkanie by\u0142o nie tylko okazj\u0105 do bli\u017cszego poznania autor\u00f3w, ale r\u00f3wnie\u017c dowodem na to, \u017ce literatura wci\u0105\u017c potrafi \u0142\u0105czy\u0107 ludzi i budzi\u0107 \u017cywe emocje.<\/p>\n\n\n\n<p class=\"wp-block-paragraph\">Dzi\u0119kujemy pani Paulinie Danie, panu Jakubowi Mirowskiemu i pani Lenie Walewskiej za chwile refleksji, za \u0142zy wzruszenia, za emocje, za wyj\u0105tkowy wiecz\u00f3r.<\/p>\n\n\n\nngg_shortcode_0_placeholder\n","protected":false},"excerpt":{"rendered":"<p>Wiecz\u00f3r autorski \u201eMy\u015bli wypuszczone prosto z serca\u201d odby\u0142 si\u0119 17 kwietnia 2026 roku w siedzibie CREW\u0141 w Sieradzu \u2013 Bibliotece Pedagogicznej w Sieradzu Filii w \u0141asku. Wydarzenie zgromadzi\u0142o mi\u0142o\u015bnik\u00f3w literatury, &#8230;<\/p>\n","protected":false},"author":1,"featured_media":756,"comment_status":"closed","ping_status":"open","sticky":false,"template":"","format":"standard","meta":{"_monsterinsights_skip_tracking":false,"ngg_post_thumbnail":0,"footnotes":""},"categories":[3],"tags":[],"class_list":["post-748","post","type-post","status-publish","format-standard","has-post-thumbnail","hentry","category-aktualnosci"],"aioseo_notices":[],"rttpg_featured_image_url":{"full":["http:\/\/filialask.bpsieradz.pl\/wp-content\/uploads\/2026\/04\/Mysli-6.jpg",2048,1395,false],"landscape":["http:\/\/filialask.bpsieradz.pl\/wp-content\/uploads\/2026\/04\/Mysli-6.jpg",2048,1395,false],"portraits":["http:\/\/filialask.bpsieradz.pl\/wp-content\/uploads\/2026\/04\/Mysli-6.jpg",2048,1395,false],"thumbnail":["http:\/\/filialask.bpsieradz.pl\/wp-content\/uploads\/2026\/04\/Mysli-6-150x150.jpg",150,150,true],"medium":["http:\/\/filialask.bpsieradz.pl\/wp-content\/uploads\/2026\/04\/Mysli-6-300x204.jpg",300,204,true],"large":["http:\/\/filialask.bpsieradz.pl\/wp-content\/uploads\/2026\/04\/Mysli-6-1024x698.jpg",800,545,true],"1536x1536":["http:\/\/filialask.bpsieradz.pl\/wp-content\/uploads\/2026\/04\/Mysli-6-1536x1046.jpg",1536,1046,true],"2048x2048":["http:\/\/filialask.bpsieradz.pl\/wp-content\/uploads\/2026\/04\/Mysli-6.jpg",2048,1395,false],"onepress-blog-small":["http:\/\/filialask.bpsieradz.pl\/wp-content\/uploads\/2026\/04\/Mysli-6-300x150.jpg",300,150,true],"onepress-small":["http:\/\/filialask.bpsieradz.pl\/wp-content\/uploads\/2026\/04\/Mysli-6-480x300.jpg",480,300,true],"onepress-medium":["http:\/\/filialask.bpsieradz.pl\/wp-content\/uploads\/2026\/04\/Mysli-6-640x400.jpg",640,400,true]},"rttpg_author":{"display_name":"admin","author_link":"http:\/\/filialask.bpsieradz.pl\/index.php\/author\/admin\/"},"rttpg_comment":0,"rttpg_category":"<a href=\"http:\/\/filialask.bpsieradz.pl\/index.php\/category\/aktualnosci\/\" rel=\"category tag\">Aktualno\u015bci<\/a>","rttpg_excerpt":"Wiecz\u00f3r autorski \u201eMy\u015bli wypuszczone prosto z serca\u201d odby\u0142 si\u0119 17 kwietnia 2026 roku w siedzibie CREW\u0141 w Sieradzu \u2013 Bibliotece Pedagogicznej w Sieradzu Filii w \u0141asku. Wydarzenie zgromadzi\u0142o mi\u0142o\u015bnik\u00f3w literatury, ...","_links":{"self":[{"href":"http:\/\/filialask.bpsieradz.pl\/index.php\/wp-json\/wp\/v2\/posts\/748","targetHints":{"allow":["GET"]}}],"collection":[{"href":"http:\/\/filialask.bpsieradz.pl\/index.php\/wp-json\/wp\/v2\/posts"}],"about":[{"href":"http:\/\/filialask.bpsieradz.pl\/index.php\/wp-json\/wp\/v2\/types\/post"}],"author":[{"embeddable":true,"href":"http:\/\/filialask.bpsieradz.pl\/index.php\/wp-json\/wp\/v2\/users\/1"}],"replies":[{"embeddable":true,"href":"http:\/\/filialask.bpsieradz.pl\/index.php\/wp-json\/wp\/v2\/comments?post=748"}],"version-history":[{"count":1,"href":"http:\/\/filialask.bpsieradz.pl\/index.php\/wp-json\/wp\/v2\/posts\/748\/revisions"}],"predecessor-version":[{"id":757,"href":"http:\/\/filialask.bpsieradz.pl\/index.php\/wp-json\/wp\/v2\/posts\/748\/revisions\/757"}],"wp:featuredmedia":[{"embeddable":true,"href":"http:\/\/filialask.bpsieradz.pl\/index.php\/wp-json\/wp\/v2\/media\/756"}],"wp:attachment":[{"href":"http:\/\/filialask.bpsieradz.pl\/index.php\/wp-json\/wp\/v2\/media?parent=748"}],"wp:term":[{"taxonomy":"category","embeddable":true,"href":"http:\/\/filialask.bpsieradz.pl\/index.php\/wp-json\/wp\/v2\/categories?post=748"},{"taxonomy":"post_tag","embeddable":true,"href":"http:\/\/filialask.bpsieradz.pl\/index.php\/wp-json\/wp\/v2\/tags?post=748"}],"curies":[{"name":"wp","href":"https:\/\/api.w.org\/{rel}","templated":true}]}}