{"id":124,"date":"2025-01-24T10:05:24","date_gmt":"2025-01-24T10:05:24","guid":{"rendered":"http:\/\/filialask.bpsieradz.pl\/?p=124"},"modified":"2025-01-24T11:48:39","modified_gmt":"2025-01-24T11:48:39","slug":"o-bibliotece","status":"publish","type":"post","link":"https:\/\/filialask.bpsieradz.pl\/index.php\/2025\/01\/24\/o-bibliotece\/","title":{"rendered":"Historia, tradycja, zmiany i rozw\u00f3j od 1951 roku"},"content":{"rendered":"\n<h2 class=\"wp-block-heading\"><strong>Centrum Rozwoju Edukacji Wojew\u00f3dztwa \u0141\u00f3dzkiego Biblioteka Pedagogiczna w Sieradzu Filia w \u0141asku<\/strong><\/h2>\n\n\n\n<p class=\"wp-block-paragraph\">Biblioteka Pedagogiczna w \u0141asku zosta\u0142a za\u0142o\u017cona w 1951 roku jako Pedagogiczna Biblioteka Powiatowa, podlegaj\u0105ca merytorycznie Pedagogicznej Bibliotece Wojew\u00f3dzkiej w \u0141odzi. Przez lata zmienia\u0142a si\u0119 nie tylko jej nazwa, ale tak\u017ce lokalizacja, adaptuj\u0105c si\u0119 do nowych warunk\u00f3w administracyjnych i potrzeb lokalnej spo\u0142eczno\u015bci.<\/p>\n\n\n\n<p class=\"wp-block-paragraph\">Pierwsz\u0105 kierowniczk\u0105 biblioteki by\u0142a Stanis\u0142awa Michalak (1951-1952), a kolejni kierownicy to: Stanis\u0142aw Wawrzyniak (1952-1959), Tomasz Turski (1959-1969), Krystyna Augustyniak (1969-1987), Bogdana Fidyk (1987-1997). Od 1 wrze\u015bnia 1997 r. funkcj\u0119 kierownika pe\u0142ni Ilona Pluszy\u0144ska.<\/p>\n\n\n\n<p class=\"wp-block-paragraph\">W ci\u0105gu swojej historii, biblioteka wielokrotnie zmienia\u0142a miejsce siedziby. Pierwszym adresem by\u0142a ul. Ko\u015bciuszki, gdzie plac\u00f3wka funkcjonowa\u0142a w Prezydium Miejskiej Rady Narodowej. W 1952 roku przenios\u0142a si\u0119 do Wydzia\u0142u O\u015bwiaty Powiatowej Rady Narodowej przy ul. Warszawskiej 14, a nast\u0119pnie, w 1956 roku, do Szko\u0142y Podstawowej nr 2. Z kolejn\u0105 reform\u0105 administracyjn\u0105, w 1975 roku, biblioteka sta\u0142a si\u0119 fili\u0105 Pedagogicznej Biblioteki Wojew\u00f3dzkiej w Sieradzu.<\/p>\n\n\n\n<p class=\"wp-block-paragraph\">W 1981 roku rozpocz\u0119\u0142a dzia\u0142alno\u015b\u0107 w nowym lokalu przy ul. Po\u0142udniowej 1, a po kolejnej przeprowadzce w 1990 roku trafi\u0142a do budynku \u0141askiej Sp\u00f3\u0142dzielni Mieszkaniowej przy ul. 9 Maja 6. W 1999 roku, w wyniku reformy administracyjnej i likwidacji wojew\u00f3dztwa sieradzkiego, biblioteka zosta\u0142a przekszta\u0142cona w Bibliotek\u0119 Pedagogiczn\u0105 w Sieradzu, Fili\u0119 w \u0141asku.<\/p>\n\n\n\n<p class=\"wp-block-paragraph\">Z dniem 1 wrze\u015bnia 2021 roku, w wyniku utworzenia Centrum Rozwoju Edukacji Wojew\u00f3dztwa \u0141\u00f3dzkiego (CREW\u0141), Biblioteka Pedagogiczna w \u0141asku sta\u0142a si\u0119 cz\u0119\u015bci\u0105 tego nowego organizmu, wchodz\u0105c w sk\u0142ad struktury CREW\u0141, kt\u00f3rego organem prowadz\u0105cym jest Wojew\u00f3dztwo \u0141\u00f3dzkie. Nadz\u00f3r pedagogiczny nad Centrum sprawuje \u0141\u00f3dzki Kurator O\u015bwiaty.<\/p>\n\n\n\n<p class=\"wp-block-paragraph\">Aktualnie plac\u00f3wka funkcjonuje pod nazw\u0105: <strong>Centrum Rozwoju Edukacji Wojew\u00f3dztwa \u0141\u00f3dzkiego Biblioteka Pedagogiczna w Sieradzu Filia w \u0141asku<\/strong>, realizuj\u0105c cele i zadania okre\u015blone w Statucie CREW\u0141 w Sieradzu, Biblioteki Pedagogicznej w Sieradzu.<\/p>\n\n\n\n<p class=\"wp-block-paragraph\">Serdecznie zapraszamy do zapoznania si\u0119 z pe\u0142n\u0105 ofert\u0105 naszej biblioteki!<\/p>\n\n\n\n<p class=\"wp-block-paragraph\"><\/p>\n","protected":false},"excerpt":{"rendered":"<p>Biblioteka Pedagogiczna w \u0141asku, za\u0142o\u017cona w 1951 roku, jest cz\u0119\u015bci\u0105 CREW\u0141. Zapraszamy do zapoznania si\u0119 z bogat\u0105 ofert\u0105 edukacyjn\u0105 naszej plac\u00f3wki!<\/p>\n","protected":false},"author":1,"featured_media":0,"comment_status":"closed","ping_status":"open","sticky":false,"template":"","format":"standard","meta":{"_monsterinsights_skip_tracking":false,"ngg_post_thumbnail":0,"footnotes":""},"categories":[5],"tags":[],"class_list":["post-124","post","type-post","status-publish","format-standard","hentry","category-biblioteka"],"aioseo_notices":[],"rttpg_featured_image_url":null,"rttpg_author":{"display_name":"admin","author_link":"https:\/\/filialask.bpsieradz.pl\/index.php\/author\/admin\/"},"rttpg_comment":0,"rttpg_category":"<a href=\"https:\/\/filialask.bpsieradz.pl\/index.php\/category\/biblioteka\/\" rel=\"category tag\">Biblioteka<\/a>","rttpg_excerpt":"Biblioteka Pedagogiczna w \u0141asku, za\u0142o\u017cona w 1951 roku, jest cz\u0119\u015bci\u0105 CREW\u0141. Zapraszamy do zapoznania si\u0119 z bogat\u0105 ofert\u0105 edukacyjn\u0105 naszej plac\u00f3wki!","_links":{"self":[{"href":"https:\/\/filialask.bpsieradz.pl\/index.php\/wp-json\/wp\/v2\/posts\/124","targetHints":{"allow":["GET"]}}],"collection":[{"href":"https:\/\/filialask.bpsieradz.pl\/index.php\/wp-json\/wp\/v2\/posts"}],"about":[{"href":"https:\/\/filialask.bpsieradz.pl\/index.php\/wp-json\/wp\/v2\/types\/post"}],"author":[{"embeddable":true,"href":"https:\/\/filialask.bpsieradz.pl\/index.php\/wp-json\/wp\/v2\/users\/1"}],"replies":[{"embeddable":true,"href":"https:\/\/filialask.bpsieradz.pl\/index.php\/wp-json\/wp\/v2\/comments?post=124"}],"version-history":[{"count":5,"href":"https:\/\/filialask.bpsieradz.pl\/index.php\/wp-json\/wp\/v2\/posts\/124\/revisions"}],"predecessor-version":[{"id":133,"href":"https:\/\/filialask.bpsieradz.pl\/index.php\/wp-json\/wp\/v2\/posts\/124\/revisions\/133"}],"wp:attachment":[{"href":"https:\/\/filialask.bpsieradz.pl\/index.php\/wp-json\/wp\/v2\/media?parent=124"}],"wp:term":[{"taxonomy":"category","embeddable":true,"href":"https:\/\/filialask.bpsieradz.pl\/index.php\/wp-json\/wp\/v2\/categories?post=124"},{"taxonomy":"post_tag","embeddable":true,"href":"https:\/\/filialask.bpsieradz.pl\/index.php\/wp-json\/wp\/v2\/tags?post=124"}],"curies":[{"name":"wp","href":"https:\/\/api.w.org\/{rel}","templated":true}]}}